{"id":1267,"date":"2023-11-22T15:34:30","date_gmt":"2023-11-22T14:34:30","guid":{"rendered":"https:\/\/wrist.de\/?p=1267"},"modified":"2023-11-22T15:34:30","modified_gmt":"2023-11-22T14:34:30","slug":"einladung-des-wrister-finanzausschuss-zur-oeffentlichen-sitzung-im-sportlerheim-tv-gut-heil-wrist-am-28-11-2023","status":"publish","type":"post","link":"https:\/\/wrist.de\/?p=1267","title":{"rendered":"Einladung des Wrister Finanzausschuss zur \u00f6ffentlichen Sitzung im Sportlerheim TV Gut Heil Wrist am 28.11.2023"},"content":{"rendered":"\n<p>Gremium: Wrist Finanzausschuss<br>Datum: 28.11.2023<br>Ort, Raum: Wrist &#8211; Sportlerheim TV Gut Heil Wrist am Wittenkampsweg, 25563 Wrist<br>Beginn: 19:30 Uhr<br>Vorsitzender: Jan Utterodt<br>Schriftf\u00fchrerin: Sonja Eggert<\/p>\n\n\n\n<p>Tagesordnung:<br>1. Er\u00f6ffnung der Sitzung, Feststellung der Ordnungsm\u00e4\u00dfigkeit der Einladung, der Anwesenheit und der Beschlussf\u00e4higkeit<br>2. Antr\u00e4ge zur Tagesordnung<br>3. Beschlussfassung \u00fcber evtl. Einwendungen gegen die Niederschrift der letzten Sitzung<br>4. Mitteilungen des Vorsitzenden<br>5. Satzung (Nachtrag 8) zur \u00c4nderung der Satzung \u00fcber die Erhebung von Abgaben f\u00fcr die zentrale und dezentrale Abwasserbeseitigung der Gemeinde Wrist vom 20.12.2004 Vorlage: Wrist\/034\/2023<br>6. Verschiedenes<br>7. Einwohnerfragestunde<\/p>\n","protected":false},"excerpt":{"rendered":"<p>Gremium: Wrist FinanzausschussDatum: 28.11.2023Ort, Raum: Wrist &#8211; Sportlerheim TV Gut Heil Wrist am Wittenkampsweg, 25563 WristBeginn: 19:30 UhrVorsitzender: Jan UtterodtSchriftf\u00fchrerin: Sonja Eggert Tagesordnung:1. Er\u00f6ffnung der Sitzung, Feststellung der Ordnungsm\u00e4\u00dfigkeit der&hellip;<\/p>\n","protected":false},"author":6,"featured_media":0,"comment_status":"closed","ping_status":"open","sticky":false,"template":"","format":"standard","meta":{"footnotes":""},"categories":[18,4],"tags":[],"class_list":["post-1267","post","type-post","status-publish","format-standard","hentry","category-kommunale-sitzungen","category-termine","comments-closed","no-comments"],"_links":{"self":[{"href":"https:\/\/wrist.de\/index.php?rest_route=\/wp\/v2\/posts\/1267","targetHints":{"allow":["GET"]}}],"collection":[{"href":"https:\/\/wrist.de\/index.php?rest_route=\/wp\/v2\/posts"}],"about":[{"href":"https:\/\/wrist.de\/index.php?rest_route=\/wp\/v2\/types\/post"}],"author":[{"embeddable":true,"href":"https:\/\/wrist.de\/index.php?rest_route=\/wp\/v2\/users\/6"}],"replies":[{"embeddable":true,"href":"https:\/\/wrist.de\/index.php?rest_route=%2Fwp%2Fv2%2Fcomments&post=1267"}],"version-history":[{"count":1,"href":"https:\/\/wrist.de\/index.php?rest_route=\/wp\/v2\/posts\/1267\/revisions"}],"predecessor-version":[{"id":1268,"href":"https:\/\/wrist.de\/index.php?rest_route=\/wp\/v2\/posts\/1267\/revisions\/1268"}],"wp:attachment":[{"href":"https:\/\/wrist.de\/index.php?rest_route=%2Fwp%2Fv2%2Fmedia&parent=1267"}],"wp:term":[{"taxonomy":"category","embeddable":true,"href":"https:\/\/wrist.de\/index.php?rest_route=%2Fwp%2Fv2%2Fcategories&post=1267"},{"taxonomy":"post_tag","embeddable":true,"href":"https:\/\/wrist.de\/index.php?rest_route=%2Fwp%2Fv2%2Ftags&post=1267"}],"curies":[{"name":"wp","href":"https:\/\/api.w.org\/{rel}","templated":true}]}}