{"id":1769,"date":"2025-04-10T08:36:53","date_gmt":"2025-04-10T06:36:53","guid":{"rendered":"https:\/\/wrist.de\/?p=1769"},"modified":"2025-04-10T09:17:07","modified_gmt":"2025-04-10T07:17:07","slug":"tag-des-laufens-in-wrist-jetzt-anmelden","status":"publish","type":"post","link":"https:\/\/wrist.de\/?p=1769","title":{"rendered":"Tag des Laufens in Wrist \u2013 jetzt anmelden!"},"content":{"rendered":"\n<p><strong>Lauft mit \u2013 beim 1. Tag des Laufens in Wrist am 4. Juni 2025!<\/strong><\/p>\n\n\n\n<p><strong>Es ist soweit!<\/strong><\/p>\n\n\n\n<p>In diesem Jahr veranstalten wir am <strong>4. Juni 2025<\/strong> den <strong>1. Tag des Laufens in Wrist<\/strong> \u2013 und laden euch alle ganz herzlich dazu ein!<\/p>\n\n\n\n<p><strong>Was wir planen?!<\/strong><br>Hier die Eckdaten im \u00dcberblick:<\/p>\n\n\n\n<p><strong>Wo:<\/strong> Sportplatz Wittenkampsweg in Wrist<br><strong>Wann:<\/strong> 4. Juni 2025<br><strong>Einlass:<\/strong> ab 16:00 Uhr<br><strong>Aufw\u00e4rmprogramm:<\/strong> ca. 16:30 Uhr<br><strong>Start des 5-km-Laufs:<\/strong> 17:00 Uhr<\/p>\n\n\n\n<p><strong>Und hier noch ein paar Details:<\/strong><\/p>\n\n\n\n<p>Los geht\u2019s ab 16:00 Uhr mit dem Einlass. Gegen 16:30 Uhr starten wir gemeinsam mit einem kleinen Aufw\u00e4rmprogramm, bevor es um 17:00 Uhr auf die rund <strong>5 km lange, lockere Laufrunde Richtung Quarnstedt<\/strong> geht.<\/p>\n\n\n\n<p>An der Strecke wird es eine Getr\u00e4nkestation geben, und im Zielbereich warten Erfrischungsgetr\u00e4nke und Obst auf euch.<\/p>\n\n\n\n<p>F\u00fcr die Kinder gibt es einen <strong>15-min\u00fctigen Lauf auf dem Sportplatz<\/strong> \u2013 ganz ohne Zeitdruck, aber mit viel Spa\u00df.<br>Au\u00dferdem bieten wir ein kleines Rahmenprogramm f\u00fcr Kinder, damit auch bei den Zuschauenden keine Langeweile aufkommt.<\/p>\n\n\n\n<p>Im Anschluss k\u00f6nnen sich alle bei einer Kleinigkeit vom Grill st\u00e4rken und den Abend bei einem Getr\u00e4nk gem\u00fctlich ausklingen lassen.<\/p>\n\n\n\n<p><strong>Jede und jeder ist herzlich willkommen \u2013 egal ob L\u00e4uferin oder L\u00e4ufer, Zuschauerin oder Zuschauer.<\/strong><br>Denn wir brauchen nicht nur viele Beine auf der Strecke, sondern auch viele jubelnde Stimmen im Zielbereich.<\/p>\n\n\n\n<hr class=\"wp-block-separator has-alpha-channel-opacity\"\/>\n\n\n\n<p><strong>Anmeldung:<\/strong><br>Anmeldungen f\u00fcr den Lauf nimmt <strong>Maria Hitziger<\/strong> ab sofort entgegen:<br><a href=\"mailto:maria.hitziger@wgw-wrist.de?subject=Anmeldung%20Lauftag%20Wrist%202025&amp;body=Moin%20Maria,%0D%0A%0D%0Aich%20m%C3%B6chte%20mich%20gerne%20zum%20Lauftag%20anmelden.%0D%0A%0D%0AVor-%20und%20Nachname:%0D%0AKontaktdaten:%0D%0AGeburtsjahr%20(freiwillige%20Angabe):%0D%0A%0D%0AViele%20Gr%C3%BC%C3%9Fe\">maria.hitziger@wgw-wrist.de<\/a> &lt;- Beim Klick auf die E-Mail-Adresse \u00f6ffnet sich eine vorbereitete Vorlage zur Anmeldung.<\/p>\n\n\n\n<p>Damit wir gut planen k\u00f6nnen (zum Beispiel f\u00fcr Startnummern), schickt bitte folgende Angaben mit:<\/p>\n\n\n\n<ul class=\"wp-block-list\">\n<li>Vor- und Nachname<\/li>\n\n\n\n<li>Kontaktdaten<\/li>\n\n\n\n<li>Geburtsjahr <em>(freiwillig, aber hilfreich f\u00fcr einen \u00dcberblick \u00fcber die Teilnehmenden)<\/em><\/li>\n<\/ul>\n\n\n\n<p><a href=\"mailto:maria.hitziger@wgw-wrist.de?subject=Anmeldung%20Lauftag%20Wrist%202025&amp;body=Moin%20Maria,%0D%0A%0D%0Aich%20m%C3%B6chte%20mich%20gerne%20zum%20Lauftag%20anmelden.%0D%0A%0D%0AVor-%20und%20Nachname:%0D%0AKontaktdaten:%0D%0AGeburtsjahr%20(freiwillige%20Angabe):%0D%0A%0D%0AViele%20Gr%C3%BC%C3%9Fe\">Jetzt anmelden \u2013 per Mail<\/a> &lt;- Beim Klick auf dem Link \u00f6ffnet sich eine vorbereitete Vorlage zur Anmeldung.<\/p>\n\n\n\n<p><strong>Du m\u00f6chtest lieber unterst\u00fctzen als mitlaufen?<\/strong><br>Auch <strong>Helferinnen und Helfer<\/strong> f\u00fcr den Auf- und Abbau, als Streckenposten oder im Orga-Team sind herzlich willkommen \u2013 meldet euch einfach ebenfalls bei Maria!<\/p>\n\n\n<div class=\"wp-block-image\">\n<figure class=\"aligncenter size-large\"><img loading=\"lazy\" decoding=\"async\" width=\"819\" height=\"1024\" src=\"https:\/\/wrist.de\/wp-content\/uploads\/2025\/04\/tagdeslaufens_instapost-819x1024.jpg\" alt=\"\" class=\"wp-image-1770\" srcset=\"https:\/\/wrist.de\/wp-content\/uploads\/2025\/04\/tagdeslaufens_instapost-819x1024.jpg 819w, https:\/\/wrist.de\/wp-content\/uploads\/2025\/04\/tagdeslaufens_instapost-240x300.jpg 240w, https:\/\/wrist.de\/wp-content\/uploads\/2025\/04\/tagdeslaufens_instapost-768x960.jpg 768w, https:\/\/wrist.de\/wp-content\/uploads\/2025\/04\/tagdeslaufens_instapost-1229x1536.jpg 1229w, https:\/\/wrist.de\/wp-content\/uploads\/2025\/04\/tagdeslaufens_instapost-1638x2048.jpg 1638w, https:\/\/wrist.de\/wp-content\/uploads\/2025\/04\/tagdeslaufens_instapost-scaled.jpg 2048w\" sizes=\"auto, (max-width: 819px) 100vw, 819px\" \/><\/figure>\n<\/div>","protected":false},"excerpt":{"rendered":"<p>Lauft mit \u2013 beim 1. Tag des Laufens in Wrist am 4. Juni 2025! Es ist soweit! In diesem Jahr veranstalten wir am 4. Juni 2025 den 1. Tag des&hellip;<\/p>\n","protected":false},"author":6,"featured_media":1770,"comment_status":"closed","ping_status":"open","sticky":false,"template":"","format":"standard","meta":{"footnotes":""},"categories":[8],"tags":[],"class_list":["post-1769","post","type-post","status-publish","format-standard","has-post-thumbnail","hentry","category-kommunale-veranstaltungen","comments-closed","no-comments"],"_links":{"self":[{"href":"https:\/\/wrist.de\/index.php?rest_route=\/wp\/v2\/posts\/1769","targetHints":{"allow":["GET"]}}],"collection":[{"href":"https:\/\/wrist.de\/index.php?rest_route=\/wp\/v2\/posts"}],"about":[{"href":"https:\/\/wrist.de\/index.php?rest_route=\/wp\/v2\/types\/post"}],"author":[{"embeddable":true,"href":"https:\/\/wrist.de\/index.php?rest_route=\/wp\/v2\/users\/6"}],"replies":[{"embeddable":true,"href":"https:\/\/wrist.de\/index.php?rest_route=%2Fwp%2Fv2%2Fcomments&post=1769"}],"version-history":[{"count":5,"href":"https:\/\/wrist.de\/index.php?rest_route=\/wp\/v2\/posts\/1769\/revisions"}],"predecessor-version":[{"id":1779,"href":"https:\/\/wrist.de\/index.php?rest_route=\/wp\/v2\/posts\/1769\/revisions\/1779"}],"wp:featuredmedia":[{"embeddable":true,"href":"https:\/\/wrist.de\/index.php?rest_route=\/wp\/v2\/media\/1770"}],"wp:attachment":[{"href":"https:\/\/wrist.de\/index.php?rest_route=%2Fwp%2Fv2%2Fmedia&parent=1769"}],"wp:term":[{"taxonomy":"category","embeddable":true,"href":"https:\/\/wrist.de\/index.php?rest_route=%2Fwp%2Fv2%2Fcategories&post=1769"},{"taxonomy":"post_tag","embeddable":true,"href":"https:\/\/wrist.de\/index.php?rest_route=%2Fwp%2Fv2%2Ftags&post=1769"}],"curies":[{"name":"wp","href":"https:\/\/api.w.org\/{rel}","templated":true}]}}