{"id":2227,"date":"2026-09-05T17:36:16","date_gmt":"2026-09-05T15:36:16","guid":{"rendered":"https:\/\/wrist.de\/?p=2227"},"modified":"2026-09-05T17:40:31","modified_gmt":"2026-09-05T15:40:31","slug":"neue-hausarztpraxis-in-wrist-ab-anfang-2027","status":"publish","type":"post","link":"https:\/\/wrist.de\/?p=2227","title":{"rendered":"Neue Hausarztpraxis in Wrist ab Anfang 2027"},"content":{"rendered":"\n<blockquote class=\"wp-block-quote is-layout-flow wp-block-quote-is-layout-flow\">\n<blockquote class=\"wp-block-quote is-layout-flow wp-block-quote-is-layout-flow\">\n<p class=\"wp-block-paragraph\"><strong>Gute Nachrichten f\u00fcr Wrist:<\/strong> Anfang 2027 er\u00f6ffnet im B\u00fcrgerhaus Wrist eine neue Hausarztpraxis von Dr. Jan Philipp Osterkamp als einen weiteren Standort des Medizinischen Versorgungszentrums ELMED in Elmshorn.<\/p>\n\n\n\n<p class=\"wp-block-paragraph\">Die Ansiedlung der Praxis wurde durch eine <strong>Initiative der W\u00e4hlergemeinschaft Wrist (WGW)<\/strong> auf den Weg gebracht und erfolgreich umgesetzt. Die pers\u00f6nlichen Gespr\u00e4che zwischen dem Praxisbetreiber und der Gemeinde Wrist haben z\u00fcgig zu einer positiven Einigung gef\u00fchrt.<\/p>\n\n\n\n<p class=\"wp-block-paragraph\">Damit entsteht ein wichtiger Baustein f\u00fcr eine <strong>wohnortnahe, moderne und verl\u00e4ssliche haus\u00e4rztliche Versorgung<\/strong> in Wrist und Umgebung. Wir sind uns sicher, dass dadurch der Standort und die Attraktivit\u00e4t unserer Gemeinde gest\u00e4rkt wird.<\/p>\n\n\n\n<p class=\"wp-block-paragraph\">Die Vorbereitungen f\u00fcr die Praxiser\u00f6ffnung laufen bereits. Weitere Informationen und ab wann die M\u00f6glichkeit zur Terminbuchung f\u00fcr das 1. Quartal 2027 besteht, werden in K\u00fcrze unter <strong><a href=\"http:\/\/www.elmed-wrist.de\/\">www.elmed-wrist.de<\/a><\/strong> verf\u00fcgbar sein. Selbstverst\u00e4ndlich informieren wir auch \u00fcber die bekannten Kan\u00e4le \u00fcber das weitere Vorgehen.<\/p>\n\n\n\n<p class=\"wp-block-paragraph\">Wir freuen uns sehr \u00fcber diesen wichtigen Schritt f\u00fcr Wrist!<\/p>\n<\/blockquote>\n<\/blockquote>\n\n\n\n<blockquote class=\"wp-block-quote is-layout-flow wp-block-quote-is-layout-flow\">\n<blockquote class=\"wp-block-quote is-layout-flow wp-block-quote-is-layout-flow\">\n<p class=\"wp-block-paragraph\"><\/p>\n<\/blockquote>\n<\/blockquote>\n","protected":false},"excerpt":{"rendered":"<p>Gute Nachrichten f\u00fcr Wrist: Anfang 2027 er\u00f6ffnet im B\u00fcrgerhaus Wrist eine neue Hausarztpraxis von Dr. Jan Philipp Osterkamp als einen weiteren Standort des Medizinischen Versorgungszentrums ELMED in Elmshorn.<\/p>\n","protected":false},"author":7,"featured_media":234,"comment_status":"closed","ping_status":"open","sticky":false,"template":"","format":"standard","meta":{"footnotes":""},"categories":[1],"tags":[],"class_list":["post-2227","post","type-post","status-publish","format-standard","has-post-thumbnail","hentry","category-aktuelles","comments-closed","no-comments"],"_links":{"self":[{"href":"https:\/\/wrist.de\/index.php?rest_route=\/wp\/v2\/posts\/2227","targetHints":{"allow":["GET"]}}],"collection":[{"href":"https:\/\/wrist.de\/index.php?rest_route=\/wp\/v2\/posts"}],"about":[{"href":"https:\/\/wrist.de\/index.php?rest_route=\/wp\/v2\/types\/post"}],"author":[{"embeddable":true,"href":"https:\/\/wrist.de\/index.php?rest_route=\/wp\/v2\/users\/7"}],"replies":[{"embeddable":true,"href":"https:\/\/wrist.de\/index.php?rest_route=%2Fwp%2Fv2%2Fcomments&post=2227"}],"version-history":[{"count":5,"href":"https:\/\/wrist.de\/index.php?rest_route=\/wp\/v2\/posts\/2227\/revisions"}],"predecessor-version":[{"id":2233,"href":"https:\/\/wrist.de\/index.php?rest_route=\/wp\/v2\/posts\/2227\/revisions\/2233"}],"wp:featuredmedia":[{"embeddable":true,"href":"https:\/\/wrist.de\/index.php?rest_route=\/wp\/v2\/media\/234"}],"wp:attachment":[{"href":"https:\/\/wrist.de\/index.php?rest_route=%2Fwp%2Fv2%2Fmedia&parent=2227"}],"wp:term":[{"taxonomy":"category","embeddable":true,"href":"https:\/\/wrist.de\/index.php?rest_route=%2Fwp%2Fv2%2Fcategories&post=2227"},{"taxonomy":"post_tag","embeddable":true,"href":"https:\/\/wrist.de\/index.php?rest_route=%2Fwp%2Fv2%2Ftags&post=2227"}],"curies":[{"name":"wp","href":"https:\/\/api.w.org\/{rel}","templated":true}]}}