{"id":779,"date":"2022-09-28T07:00:00","date_gmt":"2022-09-28T05:00:00","guid":{"rendered":"https:\/\/wrist.de\/?p=779"},"modified":"2023-06-26T18:02:03","modified_gmt":"2023-06-26T16:02:03","slug":"das-schadstoffmobil-kommt-am-28-09-2022","status":"publish","type":"post","link":"https:\/\/wrist.de\/?p=779","title":{"rendered":"Das Schadstoffmobil kommt am 28.09.2022"},"content":{"rendered":"\n<p>Schadstoffe aus Privathaushalten werden kostenlos angenommen. Kein Alt\u00f6l, keine eingetrockneten Farbreste und leeren Farbbeh\u00e4lter.<\/p>\n\n\n\n<h3 class=\"wp-block-heading\">Datum des Termins<\/h3>\n\n\n\n<p>28.09.2022 07:00 bis 12:00<\/p>\n\n\n\n<h3 class=\"wp-block-heading\">Ort<\/h3>\n\n\n\n<p>EDEKA-Markt Meyer<br>Eken 2<br>25563 Wrist<\/p>\n","protected":false},"excerpt":{"rendered":"<p>Schadstoffhaltige Abf\u00e4lle aus Privathaushalten, k\u00f6nnen kostenlos bei der zweimal j\u00e4hrlich stattfindenden mobilen Schadstoffsammlung abgeben werden.<\/p>\n","protected":false},"author":5,"featured_media":0,"comment_status":"closed","ping_status":"closed","sticky":false,"template":"","format":"standard","meta":{"footnotes":""},"categories":[4],"tags":[10],"class_list":["post-779","post","type-post","status-publish","format-standard","hentry","category-termine","tag-schadstoffmobil","comments-closed","no-comments"],"_links":{"self":[{"href":"https:\/\/wrist.de\/index.php?rest_route=\/wp\/v2\/posts\/779","targetHints":{"allow":["GET"]}}],"collection":[{"href":"https:\/\/wrist.de\/index.php?rest_route=\/wp\/v2\/posts"}],"about":[{"href":"https:\/\/wrist.de\/index.php?rest_route=\/wp\/v2\/types\/post"}],"author":[{"embeddable":true,"href":"https:\/\/wrist.de\/index.php?rest_route=\/wp\/v2\/users\/5"}],"replies":[{"embeddable":true,"href":"https:\/\/wrist.de\/index.php?rest_route=%2Fwp%2Fv2%2Fcomments&post=779"}],"version-history":[{"count":3,"href":"https:\/\/wrist.de\/index.php?rest_route=\/wp\/v2\/posts\/779\/revisions"}],"predecessor-version":[{"id":785,"href":"https:\/\/wrist.de\/index.php?rest_route=\/wp\/v2\/posts\/779\/revisions\/785"}],"wp:attachment":[{"href":"https:\/\/wrist.de\/index.php?rest_route=%2Fwp%2Fv2%2Fmedia&parent=779"}],"wp:term":[{"taxonomy":"category","embeddable":true,"href":"https:\/\/wrist.de\/index.php?rest_route=%2Fwp%2Fv2%2Fcategories&post=779"},{"taxonomy":"post_tag","embeddable":true,"href":"https:\/\/wrist.de\/index.php?rest_route=%2Fwp%2Fv2%2Ftags&post=779"}],"curies":[{"name":"wp","href":"https:\/\/api.w.org\/{rel}","templated":true}]}}