{"id":958,"date":"2023-03-27T18:22:03","date_gmt":"2023-03-27T16:22:03","guid":{"rendered":"https:\/\/wrist.de\/?p=958"},"modified":"2023-06-26T18:02:03","modified_gmt":"2023-06-26T16:02:03","slug":"laermaktionsplanung-an-haupteisenbahnstrecken-des-bundes","status":"publish","type":"post","link":"https:\/\/wrist.de\/?p=958","title":{"rendered":"L\u00e4rmaktionsplanung an Haupteisenbahnstrecken des Bundes"},"content":{"rendered":"\n<p><strong>Information f\u00fcr B\u00fcrgerinnen und B\u00fcrger zur L\u00e4rmaktionsplanung des Eisenbahn-Bundesamtes:<\/strong><\/p>\n\n\n\n<p>Das Eisenbahn-Bundesamt \u00fcberarbeitet derzeit seinen L\u00e4rmaktionsplan, informiert auf der Internetseite <a href=\"http:\/\/www.laermaktionsplanung-schiene.de\" target=\"_blank\" rel=\"noreferrer noopener\">www.laermaktionsplanung-schiene.de<\/a> \u00fcber die L\u00e4rmkartierung und L\u00e4rmaktionsplanung und zeigt, wie sich B\u00fcrgerinnen und B\u00fcrger an der \u00dcberarbeitung beteiligen k\u00f6nnen.<\/p>\n\n\n\n<p>F\u00fcr die B\u00fcrgerinnen und B\u00fcrger besteht die M\u00f6glichkeit, sich in zwei Phasen an der L\u00e4rmaktionsplanung zu beteiligen. Vom 13.03.2023 bis zum 24.04.2023 erfolgt die erste Phase der \u00d6ffentlichkeitsbeteiligung.<\/p>\n\n\n\n<p>Die erste Phase im Rahmen der L\u00e4rmaktionsplanung des Eisenbahn-Bundesamtes ist sowohl f\u00fcr B\u00fcrgerinnen und B\u00fcrger als auch f\u00fcr Kommunen am 13.03.2023 gestartet. In dieser Phase besteht f\u00fcr Sie die M\u00f6glichkeit, ausf\u00fchrlich Ihre L\u00e4rmsituation an den Schienenwegen des Bundes darzustellen. Denn alle Menschen, die sich durch Schienenl\u00e4rm gest\u00f6rt f\u00fchlen, k\u00f6nnen an der L\u00e4rmaktionsplanung an Schienenwegen des Bundes mitwirken und sich bis Montag, den <strong>24.04.2023<\/strong>, zu m\u00f6glichen L\u00e4rmproblemen \u00e4u\u00dfern. Hierf\u00fcr hat das Eisenbahn-Bundesamt eine Beteiligungsplattform freigeschaltet, auf welcher Sie online Fragen dazu beantworten k\u00f6nnen. Die Beteiligungsplattform ist unter folgendem Link zu erreichen:<\/p>\n\n\n\n<p><a href=\"https:\/\/www.laermaktionsplanung-schiene.de\/survey123\/share\/3a6d66cc8552489b87d7cf2a36f559ab\" target=\"_blank\" rel=\"noreferrer noopener\">Zur Befragung<\/a><\/p>\n\n\n\n<p>Nach der Auswertung der ersten Beteiligungsphase ver\u00f6ffentlicht das Eisenbahn-Bundesamt Ende des Jahres 2023 den Entwurf des L\u00e4rmaktionsplans. Daran anschlie\u00dfend findet die zweite Beteiligungsphase statt. In dieser Phase k\u00f6nnen B\u00fcrgerinnen und B\u00fcrger dann den Entwurf bewerten und eine R\u00fcckmeldung zum Verfahren geben.<\/p>\n","protected":false},"excerpt":{"rendered":"<p>Information f\u00fcr B\u00fcrgerinnen und B\u00fcrger zur L\u00e4rmaktionsplanung des Eisenbahn-Bundesamtes.<\/p>\n","protected":false},"author":5,"featured_media":0,"comment_status":"closed","ping_status":"closed","sticky":false,"template":"","format":"standard","meta":{"footnotes":""},"categories":[1],"tags":[],"class_list":["post-958","post","type-post","status-publish","format-standard","hentry","category-aktuelles","comments-closed","no-comments"],"_links":{"self":[{"href":"https:\/\/wrist.de\/index.php?rest_route=\/wp\/v2\/posts\/958","targetHints":{"allow":["GET"]}}],"collection":[{"href":"https:\/\/wrist.de\/index.php?rest_route=\/wp\/v2\/posts"}],"about":[{"href":"https:\/\/wrist.de\/index.php?rest_route=\/wp\/v2\/types\/post"}],"author":[{"embeddable":true,"href":"https:\/\/wrist.de\/index.php?rest_route=\/wp\/v2\/users\/5"}],"replies":[{"embeddable":true,"href":"https:\/\/wrist.de\/index.php?rest_route=%2Fwp%2Fv2%2Fcomments&post=958"}],"version-history":[{"count":9,"href":"https:\/\/wrist.de\/index.php?rest_route=\/wp\/v2\/posts\/958\/revisions"}],"predecessor-version":[{"id":970,"href":"https:\/\/wrist.de\/index.php?rest_route=\/wp\/v2\/posts\/958\/revisions\/970"}],"wp:attachment":[{"href":"https:\/\/wrist.de\/index.php?rest_route=%2Fwp%2Fv2%2Fmedia&parent=958"}],"wp:term":[{"taxonomy":"category","embeddable":true,"href":"https:\/\/wrist.de\/index.php?rest_route=%2Fwp%2Fv2%2Fcategories&post=958"},{"taxonomy":"post_tag","embeddable":true,"href":"https:\/\/wrist.de\/index.php?rest_route=%2Fwp%2Fv2%2Ftags&post=958"}],"curies":[{"name":"wp","href":"https:\/\/api.w.org\/{rel}","templated":true}]}}